{"id":1564,"date":"2025-10-19T16:00:02","date_gmt":"2025-10-19T14:00:02","guid":{"rendered":"http:\/\/gkmtb-touren.at\/?p=1564"},"modified":"2025-10-20T16:12:31","modified_gmt":"2025-10-20T14:12:31","slug":"lange-herbsttour-nach-neulengbach","status":"publish","type":"post","link":"http:\/\/gkmtb-touren.at\/de_at\/lange-herbsttour-nach-neulengbach\/","title":{"rendered":"Lange Herbsttour nach Neulengbach"},"content":{"rendered":"\t\t<div data-elementor-type=\"wp-post\" data-elementor-id=\"1564\" class=\"elementor elementor-1564\">\n\t\t\t\t<div class=\"elementor-element elementor-element-d53f18f e-grid e-con-boxed e-con e-parent\" data-id=\"d53f18f\" data-element_type=\"container\" data-e-type=\"container\">\n\t\t\t\t\t<div class=\"e-con-inner\">\n\t\t\t\t<div class=\"elementor-element elementor-element-64da977 elementor-widget elementor-widget-image\" data-id=\"64da977\" data-element_type=\"widget\" data-e-type=\"widget\" data-widget_type=\"image.default\">\n\t\t\t\t\t\t\t\t\t\t\t\t\t\t\t<img fetchpriority=\"high\" decoding=\"async\" width=\"1024\" height=\"768\" src=\"https:\/\/gkmtb-touren.at\/wp-content\/uploads\/2025\/10\/IMG_8555-1024x768.jpeg\" class=\"attachment-large size-large wp-image-1568\" alt=\"\" srcset=\"https:\/\/gkmtb-touren.at\/wp-content\/uploads\/2025\/10\/IMG_8555-1024x768.jpeg 1024w, https:\/\/gkmtb-touren.at\/wp-content\/uploads\/2025\/10\/IMG_8555-300x225.jpeg 300w, https:\/\/gkmtb-touren.at\/wp-content\/uploads\/2025\/10\/IMG_8555-768x576.jpeg 768w, https:\/\/gkmtb-touren.at\/wp-content\/uploads\/2025\/10\/IMG_8555-1536x1152.jpeg 1536w, https:\/\/gkmtb-touren.at\/wp-content\/uploads\/2025\/10\/IMG_8555-2048x1536.jpeg 2048w, https:\/\/gkmtb-touren.at\/wp-content\/uploads\/2025\/10\/IMG_8555-16x12.jpeg 16w\" sizes=\"(max-width: 1024px) 100vw, 1024px\" \/>\t\t\t\t\t\t\t\t\t\t\t\t\t\t\t<\/div>\n\t\t\t\t<div class=\"elementor-element elementor-element-42d7864 elementor-widget elementor-widget-image\" data-id=\"42d7864\" data-element_type=\"widget\" data-e-type=\"widget\" data-widget_type=\"image.default\">\n\t\t\t\t\t\t\t\t\t\t\t\t\t\t\t<img decoding=\"async\" width=\"1024\" height=\"768\" src=\"https:\/\/gkmtb-touren.at\/wp-content\/uploads\/2025\/10\/IMG_8565-1024x768.jpeg\" class=\"attachment-large size-large wp-image-1566\" alt=\"\" srcset=\"https:\/\/gkmtb-touren.at\/wp-content\/uploads\/2025\/10\/IMG_8565-1024x768.jpeg 1024w, https:\/\/gkmtb-touren.at\/wp-content\/uploads\/2025\/10\/IMG_8565-300x225.jpeg 300w, https:\/\/gkmtb-touren.at\/wp-content\/uploads\/2025\/10\/IMG_8565-768x576.jpeg 768w, https:\/\/gkmtb-touren.at\/wp-content\/uploads\/2025\/10\/IMG_8565-1536x1152.jpeg 1536w, https:\/\/gkmtb-touren.at\/wp-content\/uploads\/2025\/10\/IMG_8565-2048x1536.jpeg 2048w, https:\/\/gkmtb-touren.at\/wp-content\/uploads\/2025\/10\/IMG_8565-16x12.jpeg 16w\" sizes=\"(max-width: 1024px) 100vw, 1024px\" \/>\t\t\t\t\t\t\t\t\t\t\t\t\t\t\t<\/div>\n\t\t\t\t\t<\/div>\n\t\t\t\t<\/div>\n\t\t<div class=\"elementor-element elementor-element-5f9cea9 e-grid e-con-boxed e-con e-parent\" data-id=\"5f9cea9\" data-element_type=\"container\" data-e-type=\"container\">\n\t\t\t\t\t<div class=\"e-con-inner\">\n\t\t\t\t<div class=\"elementor-element elementor-element-8526caa elementor-widget elementor-widget-image\" data-id=\"8526caa\" data-element_type=\"widget\" data-e-type=\"widget\" data-widget_type=\"image.default\">\n\t\t\t\t\t\t\t\t\t\t\t\t\t\t\t<img decoding=\"async\" width=\"768\" height=\"1024\" src=\"https:\/\/gkmtb-touren.at\/wp-content\/uploads\/2025\/10\/IMG_8551-768x1024.jpeg\" class=\"attachment-large size-large wp-image-1567\" alt=\"\" srcset=\"https:\/\/gkmtb-touren.at\/wp-content\/uploads\/2025\/10\/IMG_8551-768x1024.jpeg 768w, https:\/\/gkmtb-touren.at\/wp-content\/uploads\/2025\/10\/IMG_8551-225x300.jpeg 225w, https:\/\/gkmtb-touren.at\/wp-content\/uploads\/2025\/10\/IMG_8551-1152x1536.jpeg 1152w, https:\/\/gkmtb-touren.at\/wp-content\/uploads\/2025\/10\/IMG_8551-1536x2048.jpeg 1536w, https:\/\/gkmtb-touren.at\/wp-content\/uploads\/2025\/10\/IMG_8551-9x12.jpeg 9w, https:\/\/gkmtb-touren.at\/wp-content\/uploads\/2025\/10\/IMG_8551-scaled.jpeg 1920w\" sizes=\"(max-width: 768px) 100vw, 768px\" \/>\t\t\t\t\t\t\t\t\t\t\t\t\t\t\t<\/div>\n\t\t\t\t<div class=\"elementor-element elementor-element-18e811c elementor-widget elementor-widget-image\" data-id=\"18e811c\" data-element_type=\"widget\" data-e-type=\"widget\" data-widget_type=\"image.default\">\n\t\t\t\t\t\t\t\t\t\t\t\t\t\t\t<img loading=\"lazy\" decoding=\"async\" width=\"768\" height=\"1024\" src=\"https:\/\/gkmtb-touren.at\/wp-content\/uploads\/2025\/10\/IMG_8556-768x1024.jpeg\" class=\"attachment-large size-large wp-image-1569\" alt=\"\" srcset=\"https:\/\/gkmtb-touren.at\/wp-content\/uploads\/2025\/10\/IMG_8556-768x1024.jpeg 768w, https:\/\/gkmtb-touren.at\/wp-content\/uploads\/2025\/10\/IMG_8556-225x300.jpeg 225w, https:\/\/gkmtb-touren.at\/wp-content\/uploads\/2025\/10\/IMG_8556-1152x1536.jpeg 1152w, https:\/\/gkmtb-touren.at\/wp-content\/uploads\/2025\/10\/IMG_8556-1536x2048.jpeg 1536w, https:\/\/gkmtb-touren.at\/wp-content\/uploads\/2025\/10\/IMG_8556-9x12.jpeg 9w, https:\/\/gkmtb-touren.at\/wp-content\/uploads\/2025\/10\/IMG_8556-scaled.jpeg 1920w\" sizes=\"(max-width: 768px) 100vw, 768px\" \/>\t\t\t\t\t\t\t\t\t\t\t\t\t\t\t<\/div>\n\t\t\t\t\t<\/div>\n\t\t\t\t<\/div>\n\t\t<div class=\"elementor-element elementor-element-fd6082b e-flex e-con-boxed e-con e-parent\" data-id=\"fd6082b\" data-element_type=\"container\" data-e-type=\"container\">\n\t\t\t\t\t<div class=\"e-con-inner\">\n\t\t\t\t<div class=\"elementor-element elementor-element-40bd820 elementor-widget elementor-widget-text-editor\" data-id=\"40bd820\" data-element_type=\"widget\" data-e-type=\"widget\" data-widget_type=\"text-editor.default\">\n\t\t\t\t\t\t\t\t\t<p>Lange Herbsttour mit dem Bio-Bike: \u00fcber Purkersdorf und Pressbaum nach Rekawinkel, dann die Laurenzi Strecke entlang bis zur Buchbergwarte. Weiter nach Neulengbach, dann den Laaberbach entlang bis Altlengbach. Dort einen Abstecher auf den Kogl und weiter \u00fcber den Kaltenberg nach Hochstra\u00df. Danach \u00fcber den Pfalzberg nach Pfalzau und gegen\u00fcber nach Wolfsgraben. Zuletzt \u00fcber Heimbautal und Baunzen zur\u00fcck ins Wiental.<\/p><p>90 km, 7 Stunden, 1500hm<\/p><p>Diese Tour braucht einiges an Kondition und Ausdauer, einige Anstiege haben es in sich und sind sicher f\u00fcr manche Fahrer zu schieben.<\/p>\t\t\t\t\t\t\t\t<\/div>\n\t\t\t\t\t<\/div>\n\t\t\t\t<\/div>\n\t\t\t\t<\/div>\n\t\t","protected":false},"excerpt":{"rendered":"<p>Lange Herbsttour mit dem Bio-Bike: \u00fcber Purkersdorf und Pressbaum nach Rekawinkel, dann die Laurenzi Strecke entlang bis zur Buchbergwarte. Weiter [&hellip;]<\/p>\n","protected":false},"author":1,"featured_media":0,"comment_status":"open","ping_status":"open","sticky":false,"template":"","format":"standard","meta":{"_uag_custom_page_level_css":"","site-sidebar-layout":"default","site-content-layout":"","ast-site-content-layout":"default","site-content-style":"default","site-sidebar-style":"default","ast-global-header-display":"","ast-banner-title-visibility":"","ast-main-header-display":"","ast-hfb-above-header-display":"","ast-hfb-below-header-display":"","ast-hfb-mobile-header-display":"","site-post-title":"","ast-breadcrumbs-content":"","ast-featured-img":"","footer-sml-layout":"","ast-disable-related-posts":"","theme-transparent-header-meta":"","adv-header-id-meta":"","stick-header-meta":"","header-above-stick-meta":"","header-main-stick-meta":"","header-below-stick-meta":"","astra-migrate-meta-layouts":"default","ast-page-background-enabled":"default","ast-page-background-meta":{"desktop":{"background-color":"var(--ast-global-color-5)","background-image":"","background-repeat":"repeat","background-position":"center center","background-size":"auto","background-attachment":"scroll","background-type":"","background-media":"","overlay-type":"","overlay-color":"","overlay-opacity":"","overlay-gradient":""},"tablet":{"background-color":"","background-image":"","background-repeat":"repeat","background-position":"center center","background-size":"auto","background-attachment":"scroll","background-type":"","background-media":"","overlay-type":"","overlay-color":"","overlay-opacity":"","overlay-gradient":""},"mobile":{"background-color":"","background-image":"","background-repeat":"repeat","background-position":"center center","background-size":"auto","background-attachment":"scroll","background-type":"","background-media":"","overlay-type":"","overlay-color":"","overlay-opacity":"","overlay-gradient":""}},"ast-content-background-meta":{"desktop":{"background-color":"var(--ast-global-color-4)","background-image":"","background-repeat":"repeat","background-position":"center center","background-size":"auto","background-attachment":"scroll","background-type":"","background-media":"","overlay-type":"","overlay-color":"","overlay-opacity":"","overlay-gradient":""},"tablet":{"background-color":"var(--ast-global-color-4)","background-image":"","background-repeat":"repeat","background-position":"center center","background-size":"auto","background-attachment":"scroll","background-type":"","background-media":"","overlay-type":"","overlay-color":"","overlay-opacity":"","overlay-gradient":""},"mobile":{"background-color":"var(--ast-global-color-4)","background-image":"","background-repeat":"repeat","background-position":"center center","background-size":"auto","background-attachment":"scroll","background-type":"","background-media":"","overlay-type":"","overlay-color":"","overlay-opacity":"","overlay-gradient":""}},"footnotes":""},"categories":[12],"tags":[],"class_list":["post-1564","post","type-post","status-publish","format-standard","hentry","category-gefahrene-touren"],"yoast_head":"<!-- This site is optimized with the Yoast SEO plugin v27.5 - https:\/\/yoast.com\/product\/yoast-seo-wordpress\/ -->\n<title>Lange Herbsttour nach Neulengbach - GKMTB<\/title>\n<meta name=\"robots\" content=\"index, follow, max-snippet:-1, max-image-preview:large, max-video-preview:-1\" \/>\n<link rel=\"canonical\" href=\"http:\/\/gkmtb-touren.at\/de_at\/lange-herbsttour-nach-neulengbach\/\" \/>\n<meta property=\"og:locale\" content=\"de_DE\" \/>\n<meta property=\"og:type\" content=\"article\" \/>\n<meta property=\"og:title\" content=\"Lange Herbsttour nach Neulengbach - GKMTB\" \/>\n<meta property=\"og:description\" content=\"Lange Herbsttour mit dem Bio-Bike: \u00fcber Purkersdorf und Pressbaum nach Rekawinkel, dann die Laurenzi Strecke entlang bis zur Buchbergwarte. Weiter [&hellip;]\" \/>\n<meta property=\"og:url\" content=\"http:\/\/gkmtb-touren.at\/de_at\/lange-herbsttour-nach-neulengbach\/\" \/>\n<meta property=\"og:site_name\" content=\"GKMTB\" \/>\n<meta property=\"article:published_time\" content=\"2025-10-19T14:00:02+00:00\" \/>\n<meta property=\"article:modified_time\" content=\"2025-10-20T14:12:31+00:00\" \/>\n<meta property=\"og:image\" content=\"http:\/\/gkmtb-touren.at\/wp-content\/uploads\/2025\/10\/IMG_8555-1024x768.jpeg\" \/>\n<meta name=\"author\" content=\"Gerald\" \/>\n<meta name=\"twitter:card\" content=\"summary_large_image\" \/>\n<meta name=\"twitter:label1\" content=\"Verfasst von\" \/>\n\t<meta name=\"twitter:data1\" content=\"Gerald\" \/>\n<script type=\"application\/ld+json\" class=\"yoast-schema-graph\">{\"@context\":\"https:\\\/\\\/schema.org\",\"@graph\":[{\"@type\":\"Article\",\"@id\":\"http:\\\/\\\/gkmtb-touren.at\\\/en\\\/lange-herbsttour-nach-neulengbach\\\/#article\",\"isPartOf\":{\"@id\":\"http:\\\/\\\/gkmtb-touren.at\\\/en\\\/lange-herbsttour-nach-neulengbach\\\/\"},\"author\":{\"name\":\"Gerald\",\"@id\":\"https:\\\/\\\/gkmtb-touren.at\\\/de_at\\\/#\\\/schema\\\/person\\\/042f46b6167bb2b9174c7c8d79a24ccc\"},\"headline\":\"Lange Herbsttour nach Neulengbach\",\"datePublished\":\"2025-10-19T14:00:02+00:00\",\"dateModified\":\"2025-10-20T14:12:31+00:00\",\"mainEntityOfPage\":{\"@id\":\"http:\\\/\\\/gkmtb-touren.at\\\/en\\\/lange-herbsttour-nach-neulengbach\\\/\"},\"wordCount\":91,\"commentCount\":0,\"publisher\":{\"@id\":\"https:\\\/\\\/gkmtb-touren.at\\\/de_at\\\/#organization\"},\"image\":{\"@id\":\"http:\\\/\\\/gkmtb-touren.at\\\/en\\\/lange-herbsttour-nach-neulengbach\\\/#primaryimage\"},\"thumbnailUrl\":\"http:\\\/\\\/gkmtb-touren.at\\\/wp-content\\\/uploads\\\/2025\\\/10\\\/IMG_8555-1024x768.jpeg\",\"articleSection\":[\"Gefahrene Touren\"],\"inLanguage\":\"de-AT\",\"potentialAction\":[{\"@type\":\"CommentAction\",\"name\":\"Comment\",\"target\":[\"http:\\\/\\\/gkmtb-touren.at\\\/en\\\/lange-herbsttour-nach-neulengbach\\\/#respond\"]}]},{\"@type\":\"WebPage\",\"@id\":\"http:\\\/\\\/gkmtb-touren.at\\\/en\\\/lange-herbsttour-nach-neulengbach\\\/\",\"url\":\"http:\\\/\\\/gkmtb-touren.at\\\/en\\\/lange-herbsttour-nach-neulengbach\\\/\",\"name\":\"Lange Herbsttour nach Neulengbach - GKMTB\",\"isPartOf\":{\"@id\":\"https:\\\/\\\/gkmtb-touren.at\\\/de_at\\\/#website\"},\"primaryImageOfPage\":{\"@id\":\"http:\\\/\\\/gkmtb-touren.at\\\/en\\\/lange-herbsttour-nach-neulengbach\\\/#primaryimage\"},\"image\":{\"@id\":\"http:\\\/\\\/gkmtb-touren.at\\\/en\\\/lange-herbsttour-nach-neulengbach\\\/#primaryimage\"},\"thumbnailUrl\":\"http:\\\/\\\/gkmtb-touren.at\\\/wp-content\\\/uploads\\\/2025\\\/10\\\/IMG_8555-1024x768.jpeg\",\"datePublished\":\"2025-10-19T14:00:02+00:00\",\"dateModified\":\"2025-10-20T14:12:31+00:00\",\"breadcrumb\":{\"@id\":\"http:\\\/\\\/gkmtb-touren.at\\\/en\\\/lange-herbsttour-nach-neulengbach\\\/#breadcrumb\"},\"inLanguage\":\"de-AT\",\"potentialAction\":[{\"@type\":\"ReadAction\",\"target\":[\"http:\\\/\\\/gkmtb-touren.at\\\/en\\\/lange-herbsttour-nach-neulengbach\\\/\"]}]},{\"@type\":\"ImageObject\",\"inLanguage\":\"de-AT\",\"@id\":\"http:\\\/\\\/gkmtb-touren.at\\\/en\\\/lange-herbsttour-nach-neulengbach\\\/#primaryimage\",\"url\":\"http:\\\/\\\/gkmtb-touren.at\\\/wp-content\\\/uploads\\\/2025\\\/10\\\/IMG_8555-1024x768.jpeg\",\"contentUrl\":\"http:\\\/\\\/gkmtb-touren.at\\\/wp-content\\\/uploads\\\/2025\\\/10\\\/IMG_8555-1024x768.jpeg\"},{\"@type\":\"BreadcrumbList\",\"@id\":\"http:\\\/\\\/gkmtb-touren.at\\\/en\\\/lange-herbsttour-nach-neulengbach\\\/#breadcrumb\",\"itemListElement\":[{\"@type\":\"ListItem\",\"position\":1,\"name\":\"Startseite\",\"item\":\"https:\\\/\\\/gkmtb-touren.at\\\/\"},{\"@type\":\"ListItem\",\"position\":2,\"name\":\"Lange Herbsttour nach Neulengbach\"}]},{\"@type\":\"WebSite\",\"@id\":\"https:\\\/\\\/gkmtb-touren.at\\\/de_at\\\/#website\",\"url\":\"https:\\\/\\\/gkmtb-touren.at\\\/de_at\\\/\",\"name\":\"GKMTB Touren\",\"description\":\"Mountainbike Touren Wienerwald\",\"publisher\":{\"@id\":\"https:\\\/\\\/gkmtb-touren.at\\\/de_at\\\/#organization\"},\"potentialAction\":[{\"@type\":\"SearchAction\",\"target\":{\"@type\":\"EntryPoint\",\"urlTemplate\":\"https:\\\/\\\/gkmtb-touren.at\\\/de_at\\\/?s={search_term_string}\"},\"query-input\":{\"@type\":\"PropertyValueSpecification\",\"valueRequired\":true,\"valueName\":\"search_term_string\"}}],\"inLanguage\":\"de-AT\"},{\"@type\":\"Organization\",\"@id\":\"https:\\\/\\\/gkmtb-touren.at\\\/de_at\\\/#organization\",\"name\":\"GKMTB Touren\",\"url\":\"https:\\\/\\\/gkmtb-touren.at\\\/de_at\\\/\",\"logo\":{\"@type\":\"ImageObject\",\"inLanguage\":\"de-AT\",\"@id\":\"https:\\\/\\\/gkmtb-touren.at\\\/de_at\\\/#\\\/schema\\\/logo\\\/image\\\/\",\"url\":\"https:\\\/\\\/gkmtb-touren.at\\\/wp-content\\\/uploads\\\/2025\\\/07\\\/cropped-RADLOGO1.png\",\"contentUrl\":\"https:\\\/\\\/gkmtb-touren.at\\\/wp-content\\\/uploads\\\/2025\\\/07\\\/cropped-RADLOGO1.png\",\"width\":874,\"height\":547,\"caption\":\"GKMTB Touren\"},\"image\":{\"@id\":\"https:\\\/\\\/gkmtb-touren.at\\\/de_at\\\/#\\\/schema\\\/logo\\\/image\\\/\"}},{\"@type\":\"Person\",\"@id\":\"https:\\\/\\\/gkmtb-touren.at\\\/de_at\\\/#\\\/schema\\\/person\\\/042f46b6167bb2b9174c7c8d79a24ccc\",\"name\":\"Gerald\",\"image\":{\"@type\":\"ImageObject\",\"inLanguage\":\"de-AT\",\"@id\":\"https:\\\/\\\/secure.gravatar.com\\\/avatar\\\/e4775baf21950a4aca63977cf797d3b7bc1f630b82f2e2e36b888bc155785a71?s=96&d=mm&r=g\",\"url\":\"https:\\\/\\\/secure.gravatar.com\\\/avatar\\\/e4775baf21950a4aca63977cf797d3b7bc1f630b82f2e2e36b888bc155785a71?s=96&d=mm&r=g\",\"contentUrl\":\"https:\\\/\\\/secure.gravatar.com\\\/avatar\\\/e4775baf21950a4aca63977cf797d3b7bc1f630b82f2e2e36b888bc155785a71?s=96&d=mm&r=g\",\"caption\":\"Gerald\"},\"sameAs\":[\"http:\\\/\\\/gkmtb-touren.at\"],\"url\":\"http:\\\/\\\/gkmtb-touren.at\\\/de_at\\\/author\\\/geraldkwp\\\/\"}]}<\/script>\n<!-- \/ Yoast SEO plugin. -->","yoast_head_json":{"title":"Lange Herbsttour nach Neulengbach - GKMTB","robots":{"index":"index","follow":"follow","max-snippet":"max-snippet:-1","max-image-preview":"max-image-preview:large","max-video-preview":"max-video-preview:-1"},"canonical":"http:\/\/gkmtb-touren.at\/de_at\/lange-herbsttour-nach-neulengbach\/","og_locale":"de_DE","og_type":"article","og_title":"Lange Herbsttour nach Neulengbach - GKMTB","og_description":"Lange Herbsttour mit dem Bio-Bike: \u00fcber Purkersdorf und Pressbaum nach Rekawinkel, dann die Laurenzi Strecke entlang bis zur Buchbergwarte. Weiter [&hellip;]","og_url":"http:\/\/gkmtb-touren.at\/de_at\/lange-herbsttour-nach-neulengbach\/","og_site_name":"GKMTB","article_published_time":"2025-10-19T14:00:02+00:00","article_modified_time":"2025-10-20T14:12:31+00:00","og_image":[{"url":"http:\/\/gkmtb-touren.at\/wp-content\/uploads\/2025\/10\/IMG_8555-1024x768.jpeg","type":"","width":"","height":""}],"author":"Gerald","twitter_card":"summary_large_image","twitter_misc":{"Verfasst von":"Gerald"},"schema":{"@context":"https:\/\/schema.org","@graph":[{"@type":"Article","@id":"http:\/\/gkmtb-touren.at\/en\/lange-herbsttour-nach-neulengbach\/#article","isPartOf":{"@id":"http:\/\/gkmtb-touren.at\/en\/lange-herbsttour-nach-neulengbach\/"},"author":{"name":"Gerald","@id":"https:\/\/gkmtb-touren.at\/de_at\/#\/schema\/person\/042f46b6167bb2b9174c7c8d79a24ccc"},"headline":"Lange Herbsttour nach Neulengbach","datePublished":"2025-10-19T14:00:02+00:00","dateModified":"2025-10-20T14:12:31+00:00","mainEntityOfPage":{"@id":"http:\/\/gkmtb-touren.at\/en\/lange-herbsttour-nach-neulengbach\/"},"wordCount":91,"commentCount":0,"publisher":{"@id":"https:\/\/gkmtb-touren.at\/de_at\/#organization"},"image":{"@id":"http:\/\/gkmtb-touren.at\/en\/lange-herbsttour-nach-neulengbach\/#primaryimage"},"thumbnailUrl":"http:\/\/gkmtb-touren.at\/wp-content\/uploads\/2025\/10\/IMG_8555-1024x768.jpeg","articleSection":["Gefahrene Touren"],"inLanguage":"de-AT","potentialAction":[{"@type":"CommentAction","name":"Comment","target":["http:\/\/gkmtb-touren.at\/en\/lange-herbsttour-nach-neulengbach\/#respond"]}]},{"@type":"WebPage","@id":"http:\/\/gkmtb-touren.at\/en\/lange-herbsttour-nach-neulengbach\/","url":"http:\/\/gkmtb-touren.at\/en\/lange-herbsttour-nach-neulengbach\/","name":"Lange Herbsttour nach Neulengbach - GKMTB","isPartOf":{"@id":"https:\/\/gkmtb-touren.at\/de_at\/#website"},"primaryImageOfPage":{"@id":"http:\/\/gkmtb-touren.at\/en\/lange-herbsttour-nach-neulengbach\/#primaryimage"},"image":{"@id":"http:\/\/gkmtb-touren.at\/en\/lange-herbsttour-nach-neulengbach\/#primaryimage"},"thumbnailUrl":"http:\/\/gkmtb-touren.at\/wp-content\/uploads\/2025\/10\/IMG_8555-1024x768.jpeg","datePublished":"2025-10-19T14:00:02+00:00","dateModified":"2025-10-20T14:12:31+00:00","breadcrumb":{"@id":"http:\/\/gkmtb-touren.at\/en\/lange-herbsttour-nach-neulengbach\/#breadcrumb"},"inLanguage":"de-AT","potentialAction":[{"@type":"ReadAction","target":["http:\/\/gkmtb-touren.at\/en\/lange-herbsttour-nach-neulengbach\/"]}]},{"@type":"ImageObject","inLanguage":"de-AT","@id":"http:\/\/gkmtb-touren.at\/en\/lange-herbsttour-nach-neulengbach\/#primaryimage","url":"http:\/\/gkmtb-touren.at\/wp-content\/uploads\/2025\/10\/IMG_8555-1024x768.jpeg","contentUrl":"http:\/\/gkmtb-touren.at\/wp-content\/uploads\/2025\/10\/IMG_8555-1024x768.jpeg"},{"@type":"BreadcrumbList","@id":"http:\/\/gkmtb-touren.at\/en\/lange-herbsttour-nach-neulengbach\/#breadcrumb","itemListElement":[{"@type":"ListItem","position":1,"name":"Startseite","item":"https:\/\/gkmtb-touren.at\/"},{"@type":"ListItem","position":2,"name":"Lange Herbsttour nach Neulengbach"}]},{"@type":"WebSite","@id":"https:\/\/gkmtb-touren.at\/de_at\/#website","url":"https:\/\/gkmtb-touren.at\/de_at\/","name":"GKMTB Touren","description":"Mountainbike Touren Wienerwald","publisher":{"@id":"https:\/\/gkmtb-touren.at\/de_at\/#organization"},"potentialAction":[{"@type":"SearchAction","target":{"@type":"EntryPoint","urlTemplate":"https:\/\/gkmtb-touren.at\/de_at\/?s={search_term_string}"},"query-input":{"@type":"PropertyValueSpecification","valueRequired":true,"valueName":"search_term_string"}}],"inLanguage":"de-AT"},{"@type":"Organization","@id":"https:\/\/gkmtb-touren.at\/de_at\/#organization","name":"GKMTB Touren","url":"https:\/\/gkmtb-touren.at\/de_at\/","logo":{"@type":"ImageObject","inLanguage":"de-AT","@id":"https:\/\/gkmtb-touren.at\/de_at\/#\/schema\/logo\/image\/","url":"https:\/\/gkmtb-touren.at\/wp-content\/uploads\/2025\/07\/cropped-RADLOGO1.png","contentUrl":"https:\/\/gkmtb-touren.at\/wp-content\/uploads\/2025\/07\/cropped-RADLOGO1.png","width":874,"height":547,"caption":"GKMTB Touren"},"image":{"@id":"https:\/\/gkmtb-touren.at\/de_at\/#\/schema\/logo\/image\/"}},{"@type":"Person","@id":"https:\/\/gkmtb-touren.at\/de_at\/#\/schema\/person\/042f46b6167bb2b9174c7c8d79a24ccc","name":"Gerald","image":{"@type":"ImageObject","inLanguage":"de-AT","@id":"https:\/\/secure.gravatar.com\/avatar\/e4775baf21950a4aca63977cf797d3b7bc1f630b82f2e2e36b888bc155785a71?s=96&d=mm&r=g","url":"https:\/\/secure.gravatar.com\/avatar\/e4775baf21950a4aca63977cf797d3b7bc1f630b82f2e2e36b888bc155785a71?s=96&d=mm&r=g","contentUrl":"https:\/\/secure.gravatar.com\/avatar\/e4775baf21950a4aca63977cf797d3b7bc1f630b82f2e2e36b888bc155785a71?s=96&d=mm&r=g","caption":"Gerald"},"sameAs":["http:\/\/gkmtb-touren.at"],"url":"http:\/\/gkmtb-touren.at\/de_at\/author\/geraldkwp\/"}]}},"uagb_featured_image_src":{"full":false,"thumbnail":false,"medium":false,"medium_large":false,"large":false,"1536x1536":false,"2048x2048":false,"trp-custom-language-flag":false},"uagb_author_info":{"display_name":"Gerald","author_link":"http:\/\/gkmtb-touren.at\/de_at\/author\/geraldkwp\/"},"uagb_comment_info":5,"uagb_excerpt":"Lange Herbsttour mit dem Bio-Bike: \u00fcber Purkersdorf und Pressbaum nach Rekawinkel, dann die Laurenzi Strecke entlang bis zur Buchbergwarte. Weiter [&hellip;]","_links":{"self":[{"href":"http:\/\/gkmtb-touren.at\/de_at\/wp-json\/wp\/v2\/posts\/1564","targetHints":{"allow":["GET"]}}],"collection":[{"href":"http:\/\/gkmtb-touren.at\/de_at\/wp-json\/wp\/v2\/posts"}],"about":[{"href":"http:\/\/gkmtb-touren.at\/de_at\/wp-json\/wp\/v2\/types\/post"}],"author":[{"embeddable":true,"href":"http:\/\/gkmtb-touren.at\/de_at\/wp-json\/wp\/v2\/users\/1"}],"replies":[{"embeddable":true,"href":"http:\/\/gkmtb-touren.at\/de_at\/wp-json\/wp\/v2\/comments?post=1564"}],"version-history":[{"count":7,"href":"http:\/\/gkmtb-touren.at\/de_at\/wp-json\/wp\/v2\/posts\/1564\/revisions"}],"predecessor-version":[{"id":1575,"href":"http:\/\/gkmtb-touren.at\/de_at\/wp-json\/wp\/v2\/posts\/1564\/revisions\/1575"}],"wp:attachment":[{"href":"http:\/\/gkmtb-touren.at\/de_at\/wp-json\/wp\/v2\/media?parent=1564"}],"wp:term":[{"taxonomy":"category","embeddable":true,"href":"http:\/\/gkmtb-touren.at\/de_at\/wp-json\/wp\/v2\/categories?post=1564"},{"taxonomy":"post_tag","embeddable":true,"href":"http:\/\/gkmtb-touren.at\/de_at\/wp-json\/wp\/v2\/tags?post=1564"}],"curies":[{"name":"wp","href":"https:\/\/api.w.org\/{rel}","templated":true}]}}