{"id":2280,"date":"2026-04-25T18:36:05","date_gmt":"2026-04-25T16:36:05","guid":{"rendered":"https:\/\/gkmtb-touren.at\/?p=2280"},"modified":"2026-04-27T11:48:49","modified_gmt":"2026-04-27T09:48:49","slug":"3-warten-tour-poltern","status":"publish","type":"post","link":"https:\/\/gkmtb-touren.at\/de_at\/3-warten-tour-poltern\/","title":{"rendered":"3-Warten Poltern"},"content":{"rendered":"\t\t<div data-elementor-type=\"wp-post\" data-elementor-id=\"2280\" class=\"elementor elementor-2280\">\n\t\t\t\t<div class=\"elementor-element elementor-element-c3d67e3 e-flex e-con-boxed e-con e-parent\" data-id=\"c3d67e3\" data-element_type=\"container\" data-e-type=\"container\">\n\t\t\t\t\t<div class=\"e-con-inner\">\n\t\t\t\t<div class=\"elementor-element elementor-element-f04f4c2 elementor-widget elementor-widget-text-editor\" data-id=\"f04f4c2\" data-element_type=\"widget\" data-e-type=\"widget\" data-widget_type=\"text-editor.default\">\n\t\t\t\t\t\t\t\t\t<p>Poltern einmal anders \u2013 Die 10 franz\u00f6sischen Freunde und Familienmitglieder entschieden sich f\u00fcr einen Polterabend in etwas anderer Form: Wir fuhren die 3-Warten-Tour mit E-Mountainbikes \u00fcber 4 Stunden Fahrzeit, 53km und 1.300 H\u00f6henmetern bei herrlichem Fr\u00fchlingswetter. Ein toller Tag nicht nur f\u00fcr den Br\u00e4utigam!<\/p>\t\t\t\t\t\t\t\t<\/div>\n\t\t\t\t\t<\/div>\n\t\t\t\t<\/div>\n\t\t<div class=\"elementor-element elementor-element-ebebfa3 e-flex e-con-boxed e-con e-parent\" data-id=\"ebebfa3\" data-element_type=\"container\" data-e-type=\"container\">\n\t\t\t\t\t<div class=\"e-con-inner\">\n\t\t\t\t<div class=\"elementor-element elementor-element-94fa9ab elementor-widget elementor-widget-image\" data-id=\"94fa9ab\" data-element_type=\"widget\" data-e-type=\"widget\" data-widget_type=\"image.default\">\n\t\t\t\t\t\t\t\t\t\t\t\t\t\t\t<img fetchpriority=\"high\" decoding=\"async\" width=\"1024\" height=\"768\" src=\"https:\/\/gkmtb-touren.at\/wp-content\/uploads\/2026\/04\/IMG_9149-1024x768.jpeg\" class=\"attachment-large size-large wp-image-2282\" alt=\"\" srcset=\"https:\/\/gkmtb-touren.at\/wp-content\/uploads\/2026\/04\/IMG_9149-1024x768.jpeg 1024w, https:\/\/gkmtb-touren.at\/wp-content\/uploads\/2026\/04\/IMG_9149-300x225.jpeg 300w, https:\/\/gkmtb-touren.at\/wp-content\/uploads\/2026\/04\/IMG_9149-768x576.jpeg 768w, https:\/\/gkmtb-touren.at\/wp-content\/uploads\/2026\/04\/IMG_9149-1536x1152.jpeg 1536w, https:\/\/gkmtb-touren.at\/wp-content\/uploads\/2026\/04\/IMG_9149-2048x1536.jpeg 2048w, https:\/\/gkmtb-touren.at\/wp-content\/uploads\/2026\/04\/IMG_9149-16x12.jpeg 16w\" sizes=\"(max-width: 1024px) 100vw, 1024px\" \/>\t\t\t\t\t\t\t\t\t\t\t\t\t\t\t<\/div>\n\t\t\t\t\t<\/div>\n\t\t\t\t<\/div>\n\t\t<div class=\"elementor-element elementor-element-a668b15 e-grid e-con-boxed e-con e-parent\" data-id=\"a668b15\" data-element_type=\"container\" data-e-type=\"container\">\n\t\t\t\t\t<div class=\"e-con-inner\">\n\t\t\t\t<div class=\"elementor-element elementor-element-81bbc0d elementor-widget elementor-widget-image\" data-id=\"81bbc0d\" data-element_type=\"widget\" data-e-type=\"widget\" data-widget_type=\"image.default\">\n\t\t\t\t\t\t\t\t\t\t\t\t\t\t\t<img decoding=\"async\" width=\"768\" height=\"576\" src=\"https:\/\/gkmtb-touren.at\/wp-content\/uploads\/2026\/04\/IMG_9129-768x576.jpeg\" class=\"attachment-medium_large size-medium_large wp-image-2284\" alt=\"\" srcset=\"https:\/\/gkmtb-touren.at\/wp-content\/uploads\/2026\/04\/IMG_9129-768x576.jpeg 768w, https:\/\/gkmtb-touren.at\/wp-content\/uploads\/2026\/04\/IMG_9129-300x225.jpeg 300w, https:\/\/gkmtb-touren.at\/wp-content\/uploads\/2026\/04\/IMG_9129-1024x768.jpeg 1024w, https:\/\/gkmtb-touren.at\/wp-content\/uploads\/2026\/04\/IMG_9129-1536x1152.jpeg 1536w, https:\/\/gkmtb-touren.at\/wp-content\/uploads\/2026\/04\/IMG_9129-2048x1536.jpeg 2048w, https:\/\/gkmtb-touren.at\/wp-content\/uploads\/2026\/04\/IMG_9129-16x12.jpeg 16w\" sizes=\"(max-width: 768px) 100vw, 768px\" \/>\t\t\t\t\t\t\t\t\t\t\t\t\t\t\t<\/div>\n\t\t\t\t<div class=\"elementor-element elementor-element-42379be elementor-widget elementor-widget-image\" data-id=\"42379be\" data-element_type=\"widget\" data-e-type=\"widget\" data-widget_type=\"image.default\">\n\t\t\t\t\t\t\t\t\t\t\t\t\t\t\t<img decoding=\"async\" width=\"1024\" height=\"768\" src=\"https:\/\/gkmtb-touren.at\/wp-content\/uploads\/2026\/04\/IMG_9143-1024x768.jpeg\" class=\"attachment-large size-large wp-image-2285\" alt=\"\" srcset=\"https:\/\/gkmtb-touren.at\/wp-content\/uploads\/2026\/04\/IMG_9143-1024x768.jpeg 1024w, https:\/\/gkmtb-touren.at\/wp-content\/uploads\/2026\/04\/IMG_9143-300x225.jpeg 300w, https:\/\/gkmtb-touren.at\/wp-content\/uploads\/2026\/04\/IMG_9143-768x576.jpeg 768w, https:\/\/gkmtb-touren.at\/wp-content\/uploads\/2026\/04\/IMG_9143-1536x1152.jpeg 1536w, https:\/\/gkmtb-touren.at\/wp-content\/uploads\/2026\/04\/IMG_9143-2048x1536.jpeg 2048w, https:\/\/gkmtb-touren.at\/wp-content\/uploads\/2026\/04\/IMG_9143-16x12.jpeg 16w\" sizes=\"(max-width: 1024px) 100vw, 1024px\" \/>\t\t\t\t\t\t\t\t\t\t\t\t\t\t\t<\/div>\n\t\t\t\t<div class=\"elementor-element elementor-element-f000d18 elementor-widget elementor-widget-image\" data-id=\"f000d18\" data-element_type=\"widget\" data-e-type=\"widget\" data-widget_type=\"image.default\">\n\t\t\t\t\t\t\t\t\t\t\t\t\t\t\t<img loading=\"lazy\" decoding=\"async\" width=\"1024\" height=\"768\" src=\"https:\/\/gkmtb-touren.at\/wp-content\/uploads\/2026\/04\/IMG_9145-1024x768.jpeg\" class=\"attachment-large size-large wp-image-2286\" alt=\"\" srcset=\"https:\/\/gkmtb-touren.at\/wp-content\/uploads\/2026\/04\/IMG_9145-1024x768.jpeg 1024w, https:\/\/gkmtb-touren.at\/wp-content\/uploads\/2026\/04\/IMG_9145-300x225.jpeg 300w, https:\/\/gkmtb-touren.at\/wp-content\/uploads\/2026\/04\/IMG_9145-768x576.jpeg 768w, https:\/\/gkmtb-touren.at\/wp-content\/uploads\/2026\/04\/IMG_9145-1536x1152.jpeg 1536w, https:\/\/gkmtb-touren.at\/wp-content\/uploads\/2026\/04\/IMG_9145-2048x1536.jpeg 2048w, https:\/\/gkmtb-touren.at\/wp-content\/uploads\/2026\/04\/IMG_9145-16x12.jpeg 16w\" sizes=\"(max-width: 1024px) 100vw, 1024px\" \/>\t\t\t\t\t\t\t\t\t\t\t\t\t\t\t<\/div>\n\t\t\t\t<div class=\"elementor-element elementor-element-109cbbc elementor-widget elementor-widget-image\" data-id=\"109cbbc\" data-element_type=\"widget\" data-e-type=\"widget\" data-widget_type=\"image.default\">\n\t\t\t\t\t\t\t\t\t\t\t\t\t\t\t<img loading=\"lazy\" decoding=\"async\" width=\"1024\" height=\"768\" src=\"https:\/\/gkmtb-touren.at\/wp-content\/uploads\/2026\/04\/IMG_9146-1024x768.jpeg\" class=\"attachment-large size-large wp-image-2287\" alt=\"\" srcset=\"https:\/\/gkmtb-touren.at\/wp-content\/uploads\/2026\/04\/IMG_9146-1024x768.jpeg 1024w, https:\/\/gkmtb-touren.at\/wp-content\/uploads\/2026\/04\/IMG_9146-300x225.jpeg 300w, https:\/\/gkmtb-touren.at\/wp-content\/uploads\/2026\/04\/IMG_9146-768x576.jpeg 768w, https:\/\/gkmtb-touren.at\/wp-content\/uploads\/2026\/04\/IMG_9146-1536x1152.jpeg 1536w, https:\/\/gkmtb-touren.at\/wp-content\/uploads\/2026\/04\/IMG_9146-2048x1536.jpeg 2048w, https:\/\/gkmtb-touren.at\/wp-content\/uploads\/2026\/04\/IMG_9146-16x12.jpeg 16w\" sizes=\"(max-width: 1024px) 100vw, 1024px\" \/>\t\t\t\t\t\t\t\t\t\t\t\t\t\t\t<\/div>\n\t\t\t\t<div class=\"elementor-element elementor-element-f443af5 elementor-widget elementor-widget-image\" data-id=\"f443af5\" data-element_type=\"widget\" data-e-type=\"widget\" data-widget_type=\"image.default\">\n\t\t\t\t\t\t\t\t\t\t\t\t\t\t\t<img loading=\"lazy\" decoding=\"async\" width=\"1024\" height=\"768\" src=\"https:\/\/gkmtb-touren.at\/wp-content\/uploads\/2026\/04\/IMG_9150-1024x768.jpeg\" class=\"attachment-large size-large wp-image-2288\" alt=\"\" srcset=\"https:\/\/gkmtb-touren.at\/wp-content\/uploads\/2026\/04\/IMG_9150-1024x768.jpeg 1024w, https:\/\/gkmtb-touren.at\/wp-content\/uploads\/2026\/04\/IMG_9150-300x225.jpeg 300w, https:\/\/gkmtb-touren.at\/wp-content\/uploads\/2026\/04\/IMG_9150-768x576.jpeg 768w, https:\/\/gkmtb-touren.at\/wp-content\/uploads\/2026\/04\/IMG_9150-1536x1152.jpeg 1536w, https:\/\/gkmtb-touren.at\/wp-content\/uploads\/2026\/04\/IMG_9150-2048x1536.jpeg 2048w, https:\/\/gkmtb-touren.at\/wp-content\/uploads\/2026\/04\/IMG_9150-16x12.jpeg 16w\" sizes=\"(max-width: 1024px) 100vw, 1024px\" \/>\t\t\t\t\t\t\t\t\t\t\t\t\t\t\t<\/div>\n\t\t\t\t<div class=\"elementor-element elementor-element-7a652d4 elementor-widget elementor-widget-image\" data-id=\"7a652d4\" data-element_type=\"widget\" data-e-type=\"widget\" data-widget_type=\"image.default\">\n\t\t\t\t\t\t\t\t\t\t\t\t\t\t\t<img loading=\"lazy\" decoding=\"async\" width=\"1024\" height=\"768\" src=\"https:\/\/gkmtb-touren.at\/wp-content\/uploads\/2026\/04\/IMG_9137-1024x768.jpeg\" class=\"attachment-large size-large wp-image-2289\" alt=\"\" srcset=\"https:\/\/gkmtb-touren.at\/wp-content\/uploads\/2026\/04\/IMG_9137-1024x768.jpeg 1024w, https:\/\/gkmtb-touren.at\/wp-content\/uploads\/2026\/04\/IMG_9137-300x225.jpeg 300w, https:\/\/gkmtb-touren.at\/wp-content\/uploads\/2026\/04\/IMG_9137-768x576.jpeg 768w, https:\/\/gkmtb-touren.at\/wp-content\/uploads\/2026\/04\/IMG_9137-1536x1152.jpeg 1536w, https:\/\/gkmtb-touren.at\/wp-content\/uploads\/2026\/04\/IMG_9137-2048x1536.jpeg 2048w, https:\/\/gkmtb-touren.at\/wp-content\/uploads\/2026\/04\/IMG_9137-16x12.jpeg 16w\" sizes=\"(max-width: 1024px) 100vw, 1024px\" \/>\t\t\t\t\t\t\t\t\t\t\t\t\t\t\t<\/div>\n\t\t\t\t\t<\/div>\n\t\t\t\t<\/div>\n\t\t<div class=\"elementor-element elementor-element-24388c4 e-grid e-con-boxed e-con e-parent\" data-id=\"24388c4\" data-element_type=\"container\" data-e-type=\"container\">\n\t\t\t\t\t<div class=\"e-con-inner\">\n\t\t\t\t<div class=\"elementor-element elementor-element-15c7886 elementor-widget elementor-widget-image\" data-id=\"15c7886\" data-element_type=\"widget\" data-e-type=\"widget\" data-widget_type=\"image.default\">\n\t\t\t\t\t\t\t\t\t\t\t\t\t\t\t<img loading=\"lazy\" decoding=\"async\" width=\"768\" height=\"1024\" src=\"https:\/\/gkmtb-touren.at\/wp-content\/uploads\/2026\/04\/IMG_9141-1-768x1024.jpeg\" class=\"attachment-large size-large wp-image-2299\" alt=\"\" srcset=\"https:\/\/gkmtb-touren.at\/wp-content\/uploads\/2026\/04\/IMG_9141-1-768x1024.jpeg 768w, https:\/\/gkmtb-touren.at\/wp-content\/uploads\/2026\/04\/IMG_9141-1-225x300.jpeg 225w, https:\/\/gkmtb-touren.at\/wp-content\/uploads\/2026\/04\/IMG_9141-1-1152x1536.jpeg 1152w, https:\/\/gkmtb-touren.at\/wp-content\/uploads\/2026\/04\/IMG_9141-1-1536x2048.jpeg 1536w, https:\/\/gkmtb-touren.at\/wp-content\/uploads\/2026\/04\/IMG_9141-1-9x12.jpeg 9w, https:\/\/gkmtb-touren.at\/wp-content\/uploads\/2026\/04\/IMG_9141-1-scaled.jpeg 1920w\" sizes=\"(max-width: 768px) 100vw, 768px\" \/>\t\t\t\t\t\t\t\t\t\t\t\t\t\t\t<\/div>\n\t\t\t\t<div class=\"elementor-element elementor-element-b1a6ff8 elementor-widget elementor-widget-image\" data-id=\"b1a6ff8\" data-element_type=\"widget\" data-e-type=\"widget\" data-widget_type=\"image.default\">\n\t\t\t\t\t\t\t\t\t\t\t\t\t\t\t<img loading=\"lazy\" decoding=\"async\" width=\"768\" height=\"1024\" src=\"https:\/\/gkmtb-touren.at\/wp-content\/uploads\/2026\/04\/IMG_9142-768x1024.jpeg\" class=\"attachment-large size-large wp-image-2300\" alt=\"\" srcset=\"https:\/\/gkmtb-touren.at\/wp-content\/uploads\/2026\/04\/IMG_9142-768x1024.jpeg 768w, https:\/\/gkmtb-touren.at\/wp-content\/uploads\/2026\/04\/IMG_9142-225x300.jpeg 225w, https:\/\/gkmtb-touren.at\/wp-content\/uploads\/2026\/04\/IMG_9142-1152x1536.jpeg 1152w, https:\/\/gkmtb-touren.at\/wp-content\/uploads\/2026\/04\/IMG_9142-1536x2048.jpeg 1536w, https:\/\/gkmtb-touren.at\/wp-content\/uploads\/2026\/04\/IMG_9142-9x12.jpeg 9w, https:\/\/gkmtb-touren.at\/wp-content\/uploads\/2026\/04\/IMG_9142-scaled.jpeg 1920w\" sizes=\"(max-width: 768px) 100vw, 768px\" \/>\t\t\t\t\t\t\t\t\t\t\t\t\t\t\t<\/div>\n\t\t\t\t<div class=\"elementor-element elementor-element-a11b0c4 elementor-widget elementor-widget-image\" data-id=\"a11b0c4\" data-element_type=\"widget\" data-e-type=\"widget\" data-widget_type=\"image.default\">\n\t\t\t\t\t\t\t\t\t\t\t\t\t\t\t<img loading=\"lazy\" decoding=\"async\" width=\"768\" height=\"1024\" src=\"https:\/\/gkmtb-touren.at\/wp-content\/uploads\/2026\/04\/IMG_9151-768x1024.jpeg\" class=\"attachment-large size-large wp-image-2301\" alt=\"\" srcset=\"https:\/\/gkmtb-touren.at\/wp-content\/uploads\/2026\/04\/IMG_9151-768x1024.jpeg 768w, https:\/\/gkmtb-touren.at\/wp-content\/uploads\/2026\/04\/IMG_9151-225x300.jpeg 225w, https:\/\/gkmtb-touren.at\/wp-content\/uploads\/2026\/04\/IMG_9151-1152x1536.jpeg 1152w, https:\/\/gkmtb-touren.at\/wp-content\/uploads\/2026\/04\/IMG_9151-1536x2048.jpeg 1536w, https:\/\/gkmtb-touren.at\/wp-content\/uploads\/2026\/04\/IMG_9151-9x12.jpeg 9w, https:\/\/gkmtb-touren.at\/wp-content\/uploads\/2026\/04\/IMG_9151-scaled.jpeg 1920w\" sizes=\"(max-width: 768px) 100vw, 768px\" \/>\t\t\t\t\t\t\t\t\t\t\t\t\t\t\t<\/div>\n\t\t\t\t\t<\/div>\n\t\t\t\t<\/div>\n\t\t<div class=\"elementor-element elementor-element-f6a7cf4 e-flex e-con-boxed e-con e-parent\" data-id=\"f6a7cf4\" data-element_type=\"container\" data-e-type=\"container\">\n\t\t\t\t\t<div class=\"e-con-inner\">\n\t\t\t\t<div class=\"elementor-element elementor-element-8cd7079 elementor-widget elementor-widget-image\" data-id=\"8cd7079\" data-element_type=\"widget\" data-e-type=\"widget\" data-widget_type=\"image.default\">\n\t\t\t\t\t\t\t\t\t\t\t\t\t\t\t<img loading=\"lazy\" decoding=\"async\" width=\"1024\" height=\"768\" src=\"https:\/\/gkmtb-touren.at\/wp-content\/uploads\/2026\/04\/IMG_9155-1024x768.jpeg\" class=\"attachment-large size-large wp-image-2302\" alt=\"\" srcset=\"https:\/\/gkmtb-touren.at\/wp-content\/uploads\/2026\/04\/IMG_9155-1024x768.jpeg 1024w, https:\/\/gkmtb-touren.at\/wp-content\/uploads\/2026\/04\/IMG_9155-300x225.jpeg 300w, https:\/\/gkmtb-touren.at\/wp-content\/uploads\/2026\/04\/IMG_9155-768x576.jpeg 768w, https:\/\/gkmtb-touren.at\/wp-content\/uploads\/2026\/04\/IMG_9155-1536x1152.jpeg 1536w, https:\/\/gkmtb-touren.at\/wp-content\/uploads\/2026\/04\/IMG_9155-2048x1536.jpeg 2048w, https:\/\/gkmtb-touren.at\/wp-content\/uploads\/2026\/04\/IMG_9155-16x12.jpeg 16w\" sizes=\"(max-width: 1024px) 100vw, 1024px\" \/>\t\t\t\t\t\t\t\t\t\t\t\t\t\t\t<\/div>\n\t\t\t\t\t<\/div>\n\t\t\t\t<\/div>\n\t\t\t\t<\/div>\n\t\t","protected":false},"excerpt":{"rendered":"<p>Poltern einmal anders \u2013 Die 10 franz\u00f6sischen Freunde und Familienmitglieder entschieden sich f\u00fcr einen Polterabend in etwas anderer Form: Wir [&hellip;]<\/p>\n","protected":false},"author":1,"featured_media":0,"comment_status":"open","ping_status":"open","sticky":false,"template":"","format":"standard","meta":{"_uag_custom_page_level_css":"","site-sidebar-layout":"default","site-content-layout":"","ast-site-content-layout":"default","site-content-style":"default","site-sidebar-style":"default","ast-global-header-display":"","ast-banner-title-visibility":"","ast-main-header-display":"","ast-hfb-above-header-display":"","ast-hfb-below-header-display":"","ast-hfb-mobile-header-display":"","site-post-title":"","ast-breadcrumbs-content":"","ast-featured-img":"","footer-sml-layout":"","ast-disable-related-posts":"","theme-transparent-header-meta":"","adv-header-id-meta":"","stick-header-meta":"","header-above-stick-meta":"","header-main-stick-meta":"","header-below-stick-meta":"","astra-migrate-meta-layouts":"default","ast-page-background-enabled":"default","ast-page-background-meta":{"desktop":{"background-color":"var(--ast-global-color-5)","background-image":"","background-repeat":"repeat","background-position":"center center","background-size":"auto","background-attachment":"scroll","background-type":"","background-media":"","overlay-type":"","overlay-color":"","overlay-opacity":"","overlay-gradient":""},"tablet":{"background-color":"","background-image":"","background-repeat":"repeat","background-position":"center center","background-size":"auto","background-attachment":"scroll","background-type":"","background-media":"","overlay-type":"","overlay-color":"","overlay-opacity":"","overlay-gradient":""},"mobile":{"background-color":"","background-image":"","background-repeat":"repeat","background-position":"center center","background-size":"auto","background-attachment":"scroll","background-type":"","background-media":"","overlay-type":"","overlay-color":"","overlay-opacity":"","overlay-gradient":""}},"ast-content-background-meta":{"desktop":{"background-color":"var(--ast-global-color-4)","background-image":"","background-repeat":"repeat","background-position":"center center","background-size":"auto","background-attachment":"scroll","background-type":"","background-media":"","overlay-type":"","overlay-color":"","overlay-opacity":"","overlay-gradient":""},"tablet":{"background-color":"var(--ast-global-color-4)","background-image":"","background-repeat":"repeat","background-position":"center center","background-size":"auto","background-attachment":"scroll","background-type":"","background-media":"","overlay-type":"","overlay-color":"","overlay-opacity":"","overlay-gradient":""},"mobile":{"background-color":"var(--ast-global-color-4)","background-image":"","background-repeat":"repeat","background-position":"center center","background-size":"auto","background-attachment":"scroll","background-type":"","background-media":"","overlay-type":"","overlay-color":"","overlay-opacity":"","overlay-gradient":""}},"footnotes":""},"categories":[1],"tags":[24,25],"class_list":["post-2280","post","type-post","status-publish","format-standard","hentry","category-allgemein","tag-polterabend","tag-tour-mit-freunden"],"yoast_head":"<!-- This site is optimized with the Yoast SEO plugin v27.5 - https:\/\/yoast.com\/product\/yoast-seo-wordpress\/ -->\n<title>3-Warten Poltern - GKMTB<\/title>\n<meta name=\"robots\" content=\"index, follow, max-snippet:-1, max-image-preview:large, max-video-preview:-1\" \/>\n<link rel=\"canonical\" href=\"https:\/\/gkmtb-touren.at\/de_at\/3-warten-tour-poltern\/\" \/>\n<meta property=\"og:locale\" content=\"de_DE\" \/>\n<meta property=\"og:type\" content=\"article\" \/>\n<meta property=\"og:title\" content=\"3-Warten Poltern - GKMTB\" \/>\n<meta property=\"og:description\" content=\"Poltern einmal anders \u2013 Die 10 franz\u00f6sischen Freunde und Familienmitglieder entschieden sich f\u00fcr einen Polterabend in etwas anderer Form: Wir [&hellip;]\" \/>\n<meta property=\"og:url\" content=\"https:\/\/gkmtb-touren.at\/de_at\/3-warten-tour-poltern\/\" \/>\n<meta property=\"og:site_name\" content=\"GKMTB\" \/>\n<meta property=\"article:published_time\" content=\"2026-04-25T16:36:05+00:00\" \/>\n<meta property=\"article:modified_time\" content=\"2026-04-27T09:48:49+00:00\" \/>\n<meta property=\"og:image\" content=\"https:\/\/gkmtb-touren.at\/wp-content\/uploads\/2026\/04\/IMG_9149-scaled.jpeg\" \/>\n\t<meta property=\"og:image:width\" content=\"2560\" \/>\n\t<meta property=\"og:image:height\" content=\"1920\" \/>\n\t<meta property=\"og:image:type\" content=\"image\/jpeg\" \/>\n<meta name=\"author\" content=\"Gerald\" \/>\n<meta name=\"twitter:card\" content=\"summary_large_image\" \/>\n<meta name=\"twitter:label1\" content=\"Verfasst von\" \/>\n\t<meta name=\"twitter:data1\" content=\"Gerald\" \/>\n\t<meta name=\"twitter:label2\" content=\"Gesch\u00e4tzte Lesezeit\" \/>\n\t<meta name=\"twitter:data2\" content=\"1 Minute\" \/>\n<script type=\"application\/ld+json\" class=\"yoast-schema-graph\">{\"@context\":\"https:\\\/\\\/schema.org\",\"@graph\":[{\"@type\":\"Article\",\"@id\":\"https:\\\/\\\/gkmtb-touren.at\\\/3-warten-tour-poltern\\\/#article\",\"isPartOf\":{\"@id\":\"https:\\\/\\\/gkmtb-touren.at\\\/3-warten-tour-poltern\\\/\"},\"author\":{\"name\":\"Gerald\",\"@id\":\"https:\\\/\\\/gkmtb-touren.at\\\/de_at\\\/#\\\/schema\\\/person\\\/042f46b6167bb2b9174c7c8d79a24ccc\"},\"headline\":\"3-Warten Poltern\",\"datePublished\":\"2026-04-25T16:36:05+00:00\",\"dateModified\":\"2026-04-27T09:48:49+00:00\",\"mainEntityOfPage\":{\"@id\":\"https:\\\/\\\/gkmtb-touren.at\\\/3-warten-tour-poltern\\\/\"},\"wordCount\":48,\"commentCount\":0,\"publisher\":{\"@id\":\"https:\\\/\\\/gkmtb-touren.at\\\/de_at\\\/#organization\"},\"image\":{\"@id\":\"https:\\\/\\\/gkmtb-touren.at\\\/3-warten-tour-poltern\\\/#primaryimage\"},\"thumbnailUrl\":\"https:\\\/\\\/gkmtb-touren.at\\\/wp-content\\\/uploads\\\/2026\\\/04\\\/IMG_9149-1024x768.jpeg\",\"keywords\":[\"Polterabend\",\"Tour mit Freunden\"],\"inLanguage\":\"de-AT\",\"potentialAction\":[{\"@type\":\"CommentAction\",\"name\":\"Comment\",\"target\":[\"https:\\\/\\\/gkmtb-touren.at\\\/3-warten-tour-poltern\\\/#respond\"]}]},{\"@type\":\"WebPage\",\"@id\":\"https:\\\/\\\/gkmtb-touren.at\\\/3-warten-tour-poltern\\\/\",\"url\":\"https:\\\/\\\/gkmtb-touren.at\\\/3-warten-tour-poltern\\\/\",\"name\":\"3-Warten Poltern - GKMTB\",\"isPartOf\":{\"@id\":\"https:\\\/\\\/gkmtb-touren.at\\\/de_at\\\/#website\"},\"primaryImageOfPage\":{\"@id\":\"https:\\\/\\\/gkmtb-touren.at\\\/3-warten-tour-poltern\\\/#primaryimage\"},\"image\":{\"@id\":\"https:\\\/\\\/gkmtb-touren.at\\\/3-warten-tour-poltern\\\/#primaryimage\"},\"thumbnailUrl\":\"https:\\\/\\\/gkmtb-touren.at\\\/wp-content\\\/uploads\\\/2026\\\/04\\\/IMG_9149-1024x768.jpeg\",\"datePublished\":\"2026-04-25T16:36:05+00:00\",\"dateModified\":\"2026-04-27T09:48:49+00:00\",\"breadcrumb\":{\"@id\":\"https:\\\/\\\/gkmtb-touren.at\\\/3-warten-tour-poltern\\\/#breadcrumb\"},\"inLanguage\":\"de-AT\",\"potentialAction\":[{\"@type\":\"ReadAction\",\"target\":[\"https:\\\/\\\/gkmtb-touren.at\\\/3-warten-tour-poltern\\\/\"]}]},{\"@type\":\"ImageObject\",\"inLanguage\":\"de-AT\",\"@id\":\"https:\\\/\\\/gkmtb-touren.at\\\/3-warten-tour-poltern\\\/#primaryimage\",\"url\":\"https:\\\/\\\/gkmtb-touren.at\\\/wp-content\\\/uploads\\\/2026\\\/04\\\/IMG_9149-1024x768.jpeg\",\"contentUrl\":\"https:\\\/\\\/gkmtb-touren.at\\\/wp-content\\\/uploads\\\/2026\\\/04\\\/IMG_9149-1024x768.jpeg\"},{\"@type\":\"BreadcrumbList\",\"@id\":\"https:\\\/\\\/gkmtb-touren.at\\\/3-warten-tour-poltern\\\/#breadcrumb\",\"itemListElement\":[{\"@type\":\"ListItem\",\"position\":1,\"name\":\"Startseite\",\"item\":\"https:\\\/\\\/gkmtb-touren.at\\\/\"},{\"@type\":\"ListItem\",\"position\":2,\"name\":\"3-Warten Poltern\"}]},{\"@type\":\"WebSite\",\"@id\":\"https:\\\/\\\/gkmtb-touren.at\\\/de_at\\\/#website\",\"url\":\"https:\\\/\\\/gkmtb-touren.at\\\/de_at\\\/\",\"name\":\"GKMTB Touren\",\"description\":\"Mountainbike Touren Wienerwald\",\"publisher\":{\"@id\":\"https:\\\/\\\/gkmtb-touren.at\\\/de_at\\\/#organization\"},\"potentialAction\":[{\"@type\":\"SearchAction\",\"target\":{\"@type\":\"EntryPoint\",\"urlTemplate\":\"https:\\\/\\\/gkmtb-touren.at\\\/de_at\\\/?s={search_term_string}\"},\"query-input\":{\"@type\":\"PropertyValueSpecification\",\"valueRequired\":true,\"valueName\":\"search_term_string\"}}],\"inLanguage\":\"de-AT\"},{\"@type\":\"Organization\",\"@id\":\"https:\\\/\\\/gkmtb-touren.at\\\/de_at\\\/#organization\",\"name\":\"GKMTB Touren\",\"url\":\"https:\\\/\\\/gkmtb-touren.at\\\/de_at\\\/\",\"logo\":{\"@type\":\"ImageObject\",\"inLanguage\":\"de-AT\",\"@id\":\"https:\\\/\\\/gkmtb-touren.at\\\/de_at\\\/#\\\/schema\\\/logo\\\/image\\\/\",\"url\":\"https:\\\/\\\/gkmtb-touren.at\\\/wp-content\\\/uploads\\\/2025\\\/07\\\/cropped-RADLOGO1.png\",\"contentUrl\":\"https:\\\/\\\/gkmtb-touren.at\\\/wp-content\\\/uploads\\\/2025\\\/07\\\/cropped-RADLOGO1.png\",\"width\":874,\"height\":547,\"caption\":\"GKMTB Touren\"},\"image\":{\"@id\":\"https:\\\/\\\/gkmtb-touren.at\\\/de_at\\\/#\\\/schema\\\/logo\\\/image\\\/\"}},{\"@type\":\"Person\",\"@id\":\"https:\\\/\\\/gkmtb-touren.at\\\/de_at\\\/#\\\/schema\\\/person\\\/042f46b6167bb2b9174c7c8d79a24ccc\",\"name\":\"Gerald\",\"image\":{\"@type\":\"ImageObject\",\"inLanguage\":\"de-AT\",\"@id\":\"https:\\\/\\\/secure.gravatar.com\\\/avatar\\\/e4775baf21950a4aca63977cf797d3b7bc1f630b82f2e2e36b888bc155785a71?s=96&d=mm&r=g\",\"url\":\"https:\\\/\\\/secure.gravatar.com\\\/avatar\\\/e4775baf21950a4aca63977cf797d3b7bc1f630b82f2e2e36b888bc155785a71?s=96&d=mm&r=g\",\"contentUrl\":\"https:\\\/\\\/secure.gravatar.com\\\/avatar\\\/e4775baf21950a4aca63977cf797d3b7bc1f630b82f2e2e36b888bc155785a71?s=96&d=mm&r=g\",\"caption\":\"Gerald\"},\"sameAs\":[\"http:\\\/\\\/gkmtb-touren.at\"],\"url\":\"https:\\\/\\\/gkmtb-touren.at\\\/de_at\\\/author\\\/geraldkwp\\\/\"}]}<\/script>\n<!-- \/ Yoast SEO plugin. -->","yoast_head_json":{"title":"3-Warten Poltern - GKMTB","robots":{"index":"index","follow":"follow","max-snippet":"max-snippet:-1","max-image-preview":"max-image-preview:large","max-video-preview":"max-video-preview:-1"},"canonical":"https:\/\/gkmtb-touren.at\/de_at\/3-warten-tour-poltern\/","og_locale":"de_DE","og_type":"article","og_title":"3-Warten Poltern - GKMTB","og_description":"Poltern einmal anders \u2013 Die 10 franz\u00f6sischen Freunde und Familienmitglieder entschieden sich f\u00fcr einen Polterabend in etwas anderer Form: Wir [&hellip;]","og_url":"https:\/\/gkmtb-touren.at\/de_at\/3-warten-tour-poltern\/","og_site_name":"GKMTB","article_published_time":"2026-04-25T16:36:05+00:00","article_modified_time":"2026-04-27T09:48:49+00:00","og_image":[{"width":2560,"height":1920,"url":"https:\/\/gkmtb-touren.at\/wp-content\/uploads\/2026\/04\/IMG_9149-scaled.jpeg","type":"image\/jpeg"}],"author":"Gerald","twitter_card":"summary_large_image","twitter_misc":{"Verfasst von":"Gerald","Gesch\u00e4tzte Lesezeit":"1 Minute"},"schema":{"@context":"https:\/\/schema.org","@graph":[{"@type":"Article","@id":"https:\/\/gkmtb-touren.at\/3-warten-tour-poltern\/#article","isPartOf":{"@id":"https:\/\/gkmtb-touren.at\/3-warten-tour-poltern\/"},"author":{"name":"Gerald","@id":"https:\/\/gkmtb-touren.at\/de_at\/#\/schema\/person\/042f46b6167bb2b9174c7c8d79a24ccc"},"headline":"3-Warten Poltern","datePublished":"2026-04-25T16:36:05+00:00","dateModified":"2026-04-27T09:48:49+00:00","mainEntityOfPage":{"@id":"https:\/\/gkmtb-touren.at\/3-warten-tour-poltern\/"},"wordCount":48,"commentCount":0,"publisher":{"@id":"https:\/\/gkmtb-touren.at\/de_at\/#organization"},"image":{"@id":"https:\/\/gkmtb-touren.at\/3-warten-tour-poltern\/#primaryimage"},"thumbnailUrl":"https:\/\/gkmtb-touren.at\/wp-content\/uploads\/2026\/04\/IMG_9149-1024x768.jpeg","keywords":["Polterabend","Tour mit Freunden"],"inLanguage":"de-AT","potentialAction":[{"@type":"CommentAction","name":"Comment","target":["https:\/\/gkmtb-touren.at\/3-warten-tour-poltern\/#respond"]}]},{"@type":"WebPage","@id":"https:\/\/gkmtb-touren.at\/3-warten-tour-poltern\/","url":"https:\/\/gkmtb-touren.at\/3-warten-tour-poltern\/","name":"3-Warten Poltern - GKMTB","isPartOf":{"@id":"https:\/\/gkmtb-touren.at\/de_at\/#website"},"primaryImageOfPage":{"@id":"https:\/\/gkmtb-touren.at\/3-warten-tour-poltern\/#primaryimage"},"image":{"@id":"https:\/\/gkmtb-touren.at\/3-warten-tour-poltern\/#primaryimage"},"thumbnailUrl":"https:\/\/gkmtb-touren.at\/wp-content\/uploads\/2026\/04\/IMG_9149-1024x768.jpeg","datePublished":"2026-04-25T16:36:05+00:00","dateModified":"2026-04-27T09:48:49+00:00","breadcrumb":{"@id":"https:\/\/gkmtb-touren.at\/3-warten-tour-poltern\/#breadcrumb"},"inLanguage":"de-AT","potentialAction":[{"@type":"ReadAction","target":["https:\/\/gkmtb-touren.at\/3-warten-tour-poltern\/"]}]},{"@type":"ImageObject","inLanguage":"de-AT","@id":"https:\/\/gkmtb-touren.at\/3-warten-tour-poltern\/#primaryimage","url":"https:\/\/gkmtb-touren.at\/wp-content\/uploads\/2026\/04\/IMG_9149-1024x768.jpeg","contentUrl":"https:\/\/gkmtb-touren.at\/wp-content\/uploads\/2026\/04\/IMG_9149-1024x768.jpeg"},{"@type":"BreadcrumbList","@id":"https:\/\/gkmtb-touren.at\/3-warten-tour-poltern\/#breadcrumb","itemListElement":[{"@type":"ListItem","position":1,"name":"Startseite","item":"https:\/\/gkmtb-touren.at\/"},{"@type":"ListItem","position":2,"name":"3-Warten Poltern"}]},{"@type":"WebSite","@id":"https:\/\/gkmtb-touren.at\/de_at\/#website","url":"https:\/\/gkmtb-touren.at\/de_at\/","name":"GKMTB Touren","description":"Mountainbike Touren Wienerwald","publisher":{"@id":"https:\/\/gkmtb-touren.at\/de_at\/#organization"},"potentialAction":[{"@type":"SearchAction","target":{"@type":"EntryPoint","urlTemplate":"https:\/\/gkmtb-touren.at\/de_at\/?s={search_term_string}"},"query-input":{"@type":"PropertyValueSpecification","valueRequired":true,"valueName":"search_term_string"}}],"inLanguage":"de-AT"},{"@type":"Organization","@id":"https:\/\/gkmtb-touren.at\/de_at\/#organization","name":"GKMTB Touren","url":"https:\/\/gkmtb-touren.at\/de_at\/","logo":{"@type":"ImageObject","inLanguage":"de-AT","@id":"https:\/\/gkmtb-touren.at\/de_at\/#\/schema\/logo\/image\/","url":"https:\/\/gkmtb-touren.at\/wp-content\/uploads\/2025\/07\/cropped-RADLOGO1.png","contentUrl":"https:\/\/gkmtb-touren.at\/wp-content\/uploads\/2025\/07\/cropped-RADLOGO1.png","width":874,"height":547,"caption":"GKMTB Touren"},"image":{"@id":"https:\/\/gkmtb-touren.at\/de_at\/#\/schema\/logo\/image\/"}},{"@type":"Person","@id":"https:\/\/gkmtb-touren.at\/de_at\/#\/schema\/person\/042f46b6167bb2b9174c7c8d79a24ccc","name":"Gerald","image":{"@type":"ImageObject","inLanguage":"de-AT","@id":"https:\/\/secure.gravatar.com\/avatar\/e4775baf21950a4aca63977cf797d3b7bc1f630b82f2e2e36b888bc155785a71?s=96&d=mm&r=g","url":"https:\/\/secure.gravatar.com\/avatar\/e4775baf21950a4aca63977cf797d3b7bc1f630b82f2e2e36b888bc155785a71?s=96&d=mm&r=g","contentUrl":"https:\/\/secure.gravatar.com\/avatar\/e4775baf21950a4aca63977cf797d3b7bc1f630b82f2e2e36b888bc155785a71?s=96&d=mm&r=g","caption":"Gerald"},"sameAs":["http:\/\/gkmtb-touren.at"],"url":"https:\/\/gkmtb-touren.at\/de_at\/author\/geraldkwp\/"}]}},"uagb_featured_image_src":{"full":false,"thumbnail":false,"medium":false,"medium_large":false,"large":false,"1536x1536":false,"2048x2048":false,"trp-custom-language-flag":false},"uagb_author_info":{"display_name":"Gerald","author_link":"https:\/\/gkmtb-touren.at\/de_at\/author\/geraldkwp\/"},"uagb_comment_info":1,"uagb_excerpt":"Poltern einmal anders \u2013 Die 10 franz\u00f6sischen Freunde und Familienmitglieder entschieden sich f\u00fcr einen Polterabend in etwas anderer Form: Wir [&hellip;]","_links":{"self":[{"href":"https:\/\/gkmtb-touren.at\/de_at\/wp-json\/wp\/v2\/posts\/2280","targetHints":{"allow":["GET"]}}],"collection":[{"href":"https:\/\/gkmtb-touren.at\/de_at\/wp-json\/wp\/v2\/posts"}],"about":[{"href":"https:\/\/gkmtb-touren.at\/de_at\/wp-json\/wp\/v2\/types\/post"}],"author":[{"embeddable":true,"href":"https:\/\/gkmtb-touren.at\/de_at\/wp-json\/wp\/v2\/users\/1"}],"replies":[{"embeddable":true,"href":"https:\/\/gkmtb-touren.at\/de_at\/wp-json\/wp\/v2\/comments?post=2280"}],"version-history":[{"count":11,"href":"https:\/\/gkmtb-touren.at\/de_at\/wp-json\/wp\/v2\/posts\/2280\/revisions"}],"predecessor-version":[{"id":2305,"href":"https:\/\/gkmtb-touren.at\/de_at\/wp-json\/wp\/v2\/posts\/2280\/revisions\/2305"}],"wp:attachment":[{"href":"https:\/\/gkmtb-touren.at\/de_at\/wp-json\/wp\/v2\/media?parent=2280"}],"wp:term":[{"taxonomy":"category","embeddable":true,"href":"https:\/\/gkmtb-touren.at\/de_at\/wp-json\/wp\/v2\/categories?post=2280"},{"taxonomy":"post_tag","embeddable":true,"href":"https:\/\/gkmtb-touren.at\/de_at\/wp-json\/wp\/v2\/tags?post=2280"}],"curies":[{"name":"wp","href":"https:\/\/api.w.org\/{rel}","templated":true}]}}